{"id":8,"date":"2023-09-01T16:36:02","date_gmt":"2023-09-01T19:36:02","guid":{"rendered":"http:\/\/virtudepravoce.com\/index.php\/2023\/09\/01\/como-encontrar-a-luz-nas-horas-escuras\/"},"modified":"2023-09-01T16:36:02","modified_gmt":"2023-09-01T19:36:02","slug":"como-encontrar-a-luz-nas-horas-escuras","status":"publish","type":"post","link":"https:\/\/virtudepravoce.com\/index.php\/2023\/09\/01\/como-encontrar-a-luz-nas-horas-escuras\/","title":{"rendered":"Como encontrar a luz nas horas escuras"},"content":{"rendered":"<h2>A import\u00e2ncia da sa\u00fade mental<\/h2>\n<p>A sa\u00fade mental \u00e9 um aspecto fundamental do nosso bem-estar e qualidade de vida. No entanto, muitas vezes \u00e9 negligenciada ou estigmatizada. Atrav\u00e9s da Virtude, estamos empenhados em quebrar esses estigmas e fornecer um tratamento abrangente para ajudar cada pessoa a encontrar a luz nas horas escuras.<\/p>\n<p>Entendemos que cada indiv\u00edduo \u00e9 \u00fanico e enfrenta desafios espec\u00edficos em sua jornada de sa\u00fade mental. \u00c9 por isso que adotamos uma abordagem individualizada, garantindo que cada pessoa receba o cuidado hol\u00edstico necess\u00e1rio para seu bem-estar emocional e psicol\u00f3gico.<\/p>\n<h2>O poder do cuidado hol\u00edstico<\/h2>\n<p>No mundo agitado em que vivemos, \u00e9 f\u00e1cil se perder e se sentir desconectado de si mesmo. No entanto, na Virtude, acreditamos no poder do cuidado hol\u00edstico para ajudar a encontrar a luz nas horas escuras.<\/p>\n<p>O cuidado hol\u00edstico envolve abordar todos os aspectos da vida de uma pessoa, incluindo sua mente, corpo e esp\u00edrito. Isso significa que n\u00e3o s\u00f3 consideramos os sintomas e problemas espec\u00edficos, mas tamb\u00e9m examinamos o estilo de vida, a nutri\u00e7\u00e3o, o sono e as rela\u00e7\u00f5es interpessoais. Ao abordar todos esses aspectos, podemos ajudar nossos clientes a encontrar equil\u00edbrio e bem-estar em suas vidas.<\/p>\n<h2>Assumindo o controle de sua jornada de bem-estar<\/h2>\n<p>Na Virtude, acreditamos que cada pessoa tem o poder de assumir o controle de sua pr\u00f3pria jornada de bem-estar. \u00c9 por isso que equipamos nossos clientes com as ferramentas e recursos necess\u00e1rios para enfrentar os desafios e encontrar a luz nas horas escuras.<\/p>\n<p>Ao fornecer informa\u00e7\u00f5es educacionais, estrat\u00e9gias de enfrentamento e apoio cont\u00ednuo, capacitamos nossos clientes a tomar decis\u00f5es informadas sobre sua sa\u00fade mental. Queremos que eles se sintam capacitados e confiantes para enfrentar qualquer desafio que surja em sua jornada de bem-estar.<\/p>\n","protected":false},"excerpt":{"rendered":"<p>A import\u00e2ncia da sa\u00fade mental A sa\u00fade mental \u00e9 um aspecto fundamental do nosso bem-estar e qualidade de vida. No entanto, muitas vezes \u00e9 negligenciada ou estigmatizada. Atrav\u00e9s da Virtude, estamos empenhados em quebrar esses estigmas e fornecer um tratamento abrangente para ajudar cada pessoa a encontrar a luz nas horas escuras. Entendemos que cada [&hellip;]<\/p>\n","protected":false},"author":1,"featured_media":0,"comment_status":"open","ping_status":"open","sticky":false,"template":"","format":"standard","meta":{"_eb_attr":"","_monsterinsights_skip_tracking":false,"_monsterinsights_sitenote_active":false,"_monsterinsights_sitenote_note":"","_monsterinsights_sitenote_category":0,"footnotes":""},"categories":[1],"tags":[],"aioseo_notices":[],"_links":{"self":[{"href":"https:\/\/virtudepravoce.com\/index.php\/wp-json\/wp\/v2\/posts\/8"}],"collection":[{"href":"https:\/\/virtudepravoce.com\/index.php\/wp-json\/wp\/v2\/posts"}],"about":[{"href":"https:\/\/virtudepravoce.com\/index.php\/wp-json\/wp\/v2\/types\/post"}],"author":[{"embeddable":true,"href":"https:\/\/virtudepravoce.com\/index.php\/wp-json\/wp\/v2\/users\/1"}],"replies":[{"embeddable":true,"href":"https:\/\/virtudepravoce.com\/index.php\/wp-json\/wp\/v2\/comments?post=8"}],"version-history":[{"count":0,"href":"https:\/\/virtudepravoce.com\/index.php\/wp-json\/wp\/v2\/posts\/8\/revisions"}],"wp:attachment":[{"href":"https:\/\/virtudepravoce.com\/index.php\/wp-json\/wp\/v2\/media?parent=8"}],"wp:term":[{"taxonomy":"category","embeddable":true,"href":"https:\/\/virtudepravoce.com\/index.php\/wp-json\/wp\/v2\/categories?post=8"},{"taxonomy":"post_tag","embeddable":true,"href":"https:\/\/virtudepravoce.com\/index.php\/wp-json\/wp\/v2\/tags?post=8"}],"curies":[{"name":"wp","href":"https:\/\/api.w.org\/{rel}","templated":true}]}}