{"id":7,"date":"2023-09-01T16:35:56","date_gmt":"2023-09-01T19:35:56","guid":{"rendered":"http:\/\/virtudepravoce.com\/index.php\/2023\/09\/01\/encontrando-a-luz-nas-horas-escuras-como-a-virtude-esta-mudando-a-forma-como-lidamos-com-a-saude-mental\/"},"modified":"2023-09-01T16:35:56","modified_gmt":"2023-09-01T19:35:56","slug":"encontrando-a-luz-nas-horas-escuras-como-a-virtude-esta-mudando-a-forma-como-lidamos-com-a-saude-mental","status":"publish","type":"post","link":"https:\/\/virtudepravoce.com\/index.php\/2023\/09\/01\/encontrando-a-luz-nas-horas-escuras-como-a-virtude-esta-mudando-a-forma-como-lidamos-com-a-saude-mental\/","title":{"rendered":"Encontrando a luz nas horas escuras: Como a Virtude est\u00e1 mudando a forma como lidamos com a sa\u00fade mental"},"content":{"rendered":"<h2>A import\u00e2ncia de cuidar da sa\u00fade mental<\/h2>\n<p>Vivemos em um mundo onde a sa\u00fade mental \u00e9 muitas vezes negligenciada. Estamos t\u00e3o ocupados com nossas vidas agitadas que esquecemos de reservar um tempo para cuidar de nossa mente e bem-estar. No entanto, \u00e9 essencial lembrar que a sa\u00fade mental \u00e9 t\u00e3o importante quanto a sa\u00fade f\u00edsica. Afinal, somos seres hol\u00edsticos e devemos tratar de nosso corpo e mente de forma integrada.<\/p>\n<p>A Virtude est\u00e1 aqui para mudar essa mentalidade. Acreditamos que todos merecem acesso a tratamentos abrangentes e individualizados que abordam suas necessidades espec\u00edficas. Compreendemos que cada pessoa \u00e9 \u00fanica e, portanto, suas jornadas de bem-estar tamb\u00e9m devem ser.<\/p>\n<h2>Quebrando os estigmas<\/h2>\n<p>Um dos principais objetivos da Virtude \u00e9 quebrar estigmas associados \u00e0 sa\u00fade mental. Infelizmente, muitas pessoas ainda t\u00eam medo de buscar ajuda devido ao estigma social e \u00e0 falta de compreens\u00e3o. Mas acreditamos que a sa\u00fade mental \u00e9 algo para ser celebrado, n\u00e3o escondido. \u00c9 uma parte essencial de ser humano.<\/p>\n<p>Na Virtude, fornecemos um ambiente seguro e acolhedor, onde cada pessoa \u00e9 valorizada e respeitada. Nossos profissionais altamente qualificados est\u00e3o aqui para ajud\u00e1-lo a enfrentar seus desafios e gui\u00e1-lo em sua jornada de recupera\u00e7\u00e3o. Queremos que voc\u00ea se sinta capacitado e confiante em buscar o tratamento de que precisa.<\/p>\n<h2>Construindo um futuro brilhante<\/h2>\n<p>Juntos, estamos construindo um futuro onde a sa\u00fade mental \u00e9 celebrada em vez de estigmatizada. Acreditamos que todos devem ter a oportunidade de viver uma vida plena e significativa, independentemente de suas lutas internas. A Virtude est\u00e1 comprometida em fornecer as ferramentas necess\u00e1rias para que isso aconte\u00e7a.<\/p>\n<p>Ent\u00e3o, vamos encontrar a luz nas horas escuras. Vamos juntos em busca da transforma\u00e7\u00e3o e do bem-estar. Junte-se \u00e0 Virtude e comece sua jornada para uma vida melhor hoje mesmo.<\/p>\n","protected":false},"excerpt":{"rendered":"<p>A import\u00e2ncia de cuidar da sa\u00fade mental Vivemos em um mundo onde a sa\u00fade mental \u00e9 muitas vezes negligenciada. Estamos t\u00e3o ocupados com nossas vidas agitadas que esquecemos de reservar um tempo para cuidar de nossa mente e bem-estar. No entanto, \u00e9 essencial lembrar que a sa\u00fade mental \u00e9 t\u00e3o importante quanto a sa\u00fade f\u00edsica. [&hellip;]<\/p>\n","protected":false},"author":1,"featured_media":0,"comment_status":"open","ping_status":"open","sticky":false,"template":"","format":"standard","meta":{"_eb_attr":"","_monsterinsights_skip_tracking":false,"_monsterinsights_sitenote_active":false,"_monsterinsights_sitenote_note":"","_monsterinsights_sitenote_category":0,"footnotes":""},"categories":[1],"tags":[],"aioseo_notices":[],"_links":{"self":[{"href":"https:\/\/virtudepravoce.com\/index.php\/wp-json\/wp\/v2\/posts\/7"}],"collection":[{"href":"https:\/\/virtudepravoce.com\/index.php\/wp-json\/wp\/v2\/posts"}],"about":[{"href":"https:\/\/virtudepravoce.com\/index.php\/wp-json\/wp\/v2\/types\/post"}],"author":[{"embeddable":true,"href":"https:\/\/virtudepravoce.com\/index.php\/wp-json\/wp\/v2\/users\/1"}],"replies":[{"embeddable":true,"href":"https:\/\/virtudepravoce.com\/index.php\/wp-json\/wp\/v2\/comments?post=7"}],"version-history":[{"count":0,"href":"https:\/\/virtudepravoce.com\/index.php\/wp-json\/wp\/v2\/posts\/7\/revisions"}],"wp:attachment":[{"href":"https:\/\/virtudepravoce.com\/index.php\/wp-json\/wp\/v2\/media?parent=7"}],"wp:term":[{"taxonomy":"category","embeddable":true,"href":"https:\/\/virtudepravoce.com\/index.php\/wp-json\/wp\/v2\/categories?post=7"},{"taxonomy":"post_tag","embeddable":true,"href":"https:\/\/virtudepravoce.com\/index.php\/wp-json\/wp\/v2\/tags?post=7"}],"curies":[{"name":"wp","href":"https:\/\/api.w.org\/{rel}","templated":true}]}}