{"id":5,"date":"2023-09-01T16:35:27","date_gmt":"2023-09-01T19:35:27","guid":{"rendered":"http:\/\/virtudepravoce.com\/index.php\/2023\/09\/01\/encontrando-a-luz-nas-horas-escuras-uma-jornada-de-bem-estar-na-virtude\/"},"modified":"2023-09-01T16:35:27","modified_gmt":"2023-09-01T19:35:27","slug":"encontrando-a-luz-nas-horas-escuras-uma-jornada-de-bem-estar-na-virtude","status":"publish","type":"post","link":"https:\/\/virtudepravoce.com\/index.php\/2023\/09\/01\/encontrando-a-luz-nas-horas-escuras-uma-jornada-de-bem-estar-na-virtude\/","title":{"rendered":"Encontrando a luz nas horas escuras: uma jornada de bem-estar na Virtude"},"content":{"rendered":"<h2>O poder da compreens\u00e3o individualizada<\/h2>\n<p>Na Virtude, entendemos que cada pessoa \u00e9 \u00fanica e, portanto, suas necessidades de sa\u00fade mental tamb\u00e9m s\u00e3o \u00fanicas. N\u00f3s nos comprometemos em oferecer um cuidado personalizado, levando em considera\u00e7\u00e3o suas experi\u00eancias, desafios e objetivos individuais. Acreditamos que a compreens\u00e3o individualizada \u00e9 o primeiro passo para a cura e o crescimento.<\/p>\n<p>Quando voc\u00ea se juntar \u00e0 fam\u00edlia Virtude, voc\u00ea ser\u00e1 recebido com respeito e empatia. Nossos profissionais altamente qualificados fornecer\u00e3o um espa\u00e7o seguro e confidencial para voc\u00ea compartilhar seus pensamentos e sentimentos. Eles ir\u00e3o ouvir atentamente suas preocupa\u00e7\u00f5es e trabalhar\u00e3o com voc\u00ea para desenvolver um plano de tratamento personalizado que atenda \u00e0s suas necessidades espec\u00edficas.<\/p>\n<h2>Um cuidado hol\u00edstico para uma mente saud\u00e1vel<\/h2>\n<p>Na Virtude, acreditamos que a sa\u00fade mental n\u00e3o pode ser isolada do bem-estar f\u00edsico, emocional e espiritual. \u00c9 por isso que oferecemos um cuidado hol\u00edstico que aborda todas as \u00e1reas da sua vida. Nossos profissionais est\u00e3o treinados em uma variedade de abordagens terap\u00eauticas, incluindo terapia individual, terapia familiar e terapia de grupo. Eles tamb\u00e9m podem fornecer orienta\u00e7\u00e3o sobre medica\u00e7\u00e3o, exerc\u00edcios f\u00edsicos, alimenta\u00e7\u00e3o saud\u00e1vel e t\u00e9cnicas de relaxamento.<\/p>\n<p>Al\u00e9m disso, a Virtude oferece uma variedade de servi\u00e7os complementares, como yoga, medita\u00e7\u00e3o e terapias alternativas. Acreditamos que, ao tratar a pessoa como um todo, podemos promover uma cura verdadeira e duradoura.<\/p>\n<h2>Assuma o controle da sua jornada de bem-estar<\/h2>\n<p>Na Virtude, n\u00e3o acreditamos em uma abordagem passiva para a sa\u00fade mental. Queremos capacitar voc\u00ea a assumir o controle de sua pr\u00f3pria jornada de bem-estar. Isso significa fornecer as ferramentas necess\u00e1rias para voc\u00ea navegar pelas horas escuras e encontrar a luz dentro de si mesmo.<\/p>\n<p>Oferecemos workshops e grupos de apoio onde voc\u00ea pode aprender habilidades pr\u00e1ticas para lidar com o estresse, administrar suas emo\u00e7\u00f5es e promover relacionamentos saud\u00e1veis. Al\u00e9m disso, nossa equipe est\u00e1 dispon\u00edvel para fornecer orienta\u00e7\u00e3o e suporte cont\u00ednuo ao longo de sua jornada.<\/p>\n<p>Na Virtude, acreditamos que \u00e9 poss\u00edvel viver uma vida plena e significativa, apesar dos desafios da sa\u00fade mental. Juntos, podemos construir um futuro onde a sa\u00fade mental \u00e9 celebrada e todos t\u00eam a oportunidade de florescer.<\/p>\n","protected":false},"excerpt":{"rendered":"<p>O poder da compreens\u00e3o individualizada Na Virtude, entendemos que cada pessoa \u00e9 \u00fanica e, portanto, suas necessidades de sa\u00fade mental tamb\u00e9m s\u00e3o \u00fanicas. N\u00f3s nos comprometemos em oferecer um cuidado personalizado, levando em considera\u00e7\u00e3o suas experi\u00eancias, desafios e objetivos individuais. Acreditamos que a compreens\u00e3o individualizada \u00e9 o primeiro passo para a cura e o crescimento. [&hellip;]<\/p>\n","protected":false},"author":1,"featured_media":0,"comment_status":"open","ping_status":"open","sticky":false,"template":"","format":"standard","meta":{"_eb_attr":"","_monsterinsights_skip_tracking":false,"_monsterinsights_sitenote_active":false,"_monsterinsights_sitenote_note":"","_monsterinsights_sitenote_category":0,"footnotes":""},"categories":[1],"tags":[],"aioseo_notices":[],"_links":{"self":[{"href":"https:\/\/virtudepravoce.com\/index.php\/wp-json\/wp\/v2\/posts\/5"}],"collection":[{"href":"https:\/\/virtudepravoce.com\/index.php\/wp-json\/wp\/v2\/posts"}],"about":[{"href":"https:\/\/virtudepravoce.com\/index.php\/wp-json\/wp\/v2\/types\/post"}],"author":[{"embeddable":true,"href":"https:\/\/virtudepravoce.com\/index.php\/wp-json\/wp\/v2\/users\/1"}],"replies":[{"embeddable":true,"href":"https:\/\/virtudepravoce.com\/index.php\/wp-json\/wp\/v2\/comments?post=5"}],"version-history":[{"count":0,"href":"https:\/\/virtudepravoce.com\/index.php\/wp-json\/wp\/v2\/posts\/5\/revisions"}],"wp:attachment":[{"href":"https:\/\/virtudepravoce.com\/index.php\/wp-json\/wp\/v2\/media?parent=5"}],"wp:term":[{"taxonomy":"category","embeddable":true,"href":"https:\/\/virtudepravoce.com\/index.php\/wp-json\/wp\/v2\/categories?post=5"},{"taxonomy":"post_tag","embeddable":true,"href":"https:\/\/virtudepravoce.com\/index.php\/wp-json\/wp\/v2\/tags?post=5"}],"curies":[{"name":"wp","href":"https:\/\/api.w.org\/{rel}","templated":true}]}}