{"id":12,"date":"2023-09-01T16:38:59","date_gmt":"2023-09-01T19:38:59","guid":{"rendered":"http:\/\/virtudepravoce.com\/index.php\/2023\/09\/01\/7-dicas-para-promover-o-bem-estar-mental-no-seu-dia-a-dia\/"},"modified":"2023-09-01T16:38:59","modified_gmt":"2023-09-01T19:38:59","slug":"7-dicas-para-promover-o-bem-estar-mental-no-seu-dia-a-dia","status":"publish","type":"post","link":"https:\/\/virtudepravoce.com\/index.php\/2023\/09\/01\/7-dicas-para-promover-o-bem-estar-mental-no-seu-dia-a-dia\/","title":{"rendered":"7 dicas para promover o bem-estar mental no seu dia a dia"},"content":{"rendered":"<h2>O poder do autocuidado<\/h2>\n<p>O autocuidado \u00e9 essencial para o bem-estar mental e emocional. Tirar um tempo para si mesmo todos os dias pode ajudar a reduzir o estresse, melhorar a autoestima e promover a serenidade interior. Reserve alguns minutos do seu dia para fazer algo que voc\u00ea ama, como ler um livro, ouvir m\u00fasica ou praticar uma atividade f\u00edsica.<\/p>\n<p>Al\u00e9m disso, lembre-se de cuidar do seu corpo. Alimente-se de forma saud\u00e1vel, durma o suficiente e fa\u00e7a exerc\u00edcios regularmente. Essas a\u00e7\u00f5es simples podem ter um impacto significativo na sua sa\u00fade mental.<\/p>\n<h2>Conecte-se com outras pessoas<\/h2>\n<p>A conex\u00e3o humana \u00e9 fundamental para o nosso bem-estar. Procure passar tempo com amigos e familiares, e n\u00e3o tenha medo de pedir ajuda quando precisar. Compartilhar seus sentimentos e pensamentos com algu\u00e9m de confian\u00e7a pode aliviar o peso emocional e promover um senso de pertencimento.<\/p>\n<p>Al\u00e9m disso, participe de grupos de apoio ou atividades sociais que lhe interessem. Isso pode ajudar a construir novas amizades e fortalecer os la\u00e7os existentes.<\/p>\n<h2>Pratique a gratid\u00e3o<\/h2>\n<p>A gratid\u00e3o \u00e9 uma poderosa ferramenta para promover o bem-estar mental. Reserve alguns minutos do seu dia para refletir sobre as coisas pelas quais voc\u00ea \u00e9 grato. Voc\u00ea pode manter um di\u00e1rio de gratid\u00e3o ou simplesmente fazer uma lista mental.<\/p>\n<p>Ao praticar a gratid\u00e3o, voc\u00ea treina a sua mente para se concentrar no que \u00e9 positivo, o que pode ajudar a reduzir o estresse, aumentar a resili\u00eancia e promover um senso de felicidade e contentamento.<\/p>\n","protected":false},"excerpt":{"rendered":"<p>O poder do autocuidado O autocuidado \u00e9 essencial para o bem-estar mental e emocional. Tirar um tempo para si mesmo todos os dias pode ajudar a reduzir o estresse, melhorar a autoestima e promover a serenidade interior. Reserve alguns minutos do seu dia para fazer algo que voc\u00ea ama, como ler um livro, ouvir m\u00fasica [&hellip;]<\/p>\n","protected":false},"author":1,"featured_media":0,"comment_status":"open","ping_status":"open","sticky":false,"template":"","format":"standard","meta":{"_eb_attr":"","_monsterinsights_skip_tracking":false,"_monsterinsights_sitenote_active":false,"_monsterinsights_sitenote_note":"","_monsterinsights_sitenote_category":0,"footnotes":""},"categories":[1],"tags":[],"aioseo_notices":[],"_links":{"self":[{"href":"https:\/\/virtudepravoce.com\/index.php\/wp-json\/wp\/v2\/posts\/12"}],"collection":[{"href":"https:\/\/virtudepravoce.com\/index.php\/wp-json\/wp\/v2\/posts"}],"about":[{"href":"https:\/\/virtudepravoce.com\/index.php\/wp-json\/wp\/v2\/types\/post"}],"author":[{"embeddable":true,"href":"https:\/\/virtudepravoce.com\/index.php\/wp-json\/wp\/v2\/users\/1"}],"replies":[{"embeddable":true,"href":"https:\/\/virtudepravoce.com\/index.php\/wp-json\/wp\/v2\/comments?post=12"}],"version-history":[{"count":0,"href":"https:\/\/virtudepravoce.com\/index.php\/wp-json\/wp\/v2\/posts\/12\/revisions"}],"wp:attachment":[{"href":"https:\/\/virtudepravoce.com\/index.php\/wp-json\/wp\/v2\/media?parent=12"}],"wp:term":[{"taxonomy":"category","embeddable":true,"href":"https:\/\/virtudepravoce.com\/index.php\/wp-json\/wp\/v2\/categories?post=12"},{"taxonomy":"post_tag","embeddable":true,"href":"https:\/\/virtudepravoce.com\/index.php\/wp-json\/wp\/v2\/tags?post=12"}],"curies":[{"name":"wp","href":"https:\/\/api.w.org\/{rel}","templated":true}]}}