{"id":11,"date":"2023-09-01T16:38:56","date_gmt":"2023-09-01T19:38:56","guid":{"rendered":"http:\/\/virtudepravoce.com\/index.php\/2023\/09\/01\/encontre-esperanca-e-forca-transformando-a-saude-mental\/"},"modified":"2023-09-01T16:38:56","modified_gmt":"2023-09-01T19:38:56","slug":"encontre-esperanca-e-forca-transformando-a-saude-mental","status":"publish","type":"post","link":"https:\/\/virtudepravoce.com\/index.php\/2023\/09\/01\/encontre-esperanca-e-forca-transformando-a-saude-mental\/","title":{"rendered":"Encontre esperan\u00e7a e for\u00e7a: Transformando a sa\u00fade mental"},"content":{"rendered":"<h2>Descobrindo a luz nas horas escuras<\/h2>\n<p>Aqui na Virtude, acreditamos que a sa\u00fade mental \u00e9 algo a ser celebrado, e n\u00e3o estigmatizado. Sabemos que cada pessoa \u00e9 \u00fanica e merece um cuidado individualizado, por isso nos dedicamos a oferecer um tratamento abrangente e hol\u00edstico. Queremos equipar cada pessoa com as ferramentas necess\u00e1rias para assumir o controle de sua jornada de bem-estar.<\/p>\n<p>Entendemos que nem sempre \u00e9 f\u00e1cil encontrar esperan\u00e7a e for\u00e7a nas horas escuras, mas acreditamos que \u00e9 poss\u00edvel. Queremos encorajar voc\u00ea a olhar para al\u00e9m das dificuldades e enxergar o potencial que existe dentro de si. Voc\u00ea \u00e9 capaz de superar qualquer desafio e construir uma vida plena e significativa.<\/p>\n<h2>Quebrando estigmas e promovendo o empoderamento<\/h2>\n<p>Um dos nossos principais objetivos \u00e9 quebrar os estigmas que cercam a sa\u00fade mental. Queremos criar um espa\u00e7o seguro e acolhedor, onde todos se sintam \u00e0 vontade para buscar ajuda e compartilhar suas experi\u00eancias.<\/p>\n<p>Ao promover o empoderamento, estamos capacitando cada pessoa a se tornar a protagonista de sua pr\u00f3pria jornada de bem-estar. Acreditamos que voc\u00ea tem dentro de si a for\u00e7a necess\u00e1ria para alcan\u00e7ar a cura e o crescimento. Estamos aqui para oferecer suporte, orienta\u00e7\u00e3o e recursos, mas cabe a voc\u00ea dar os passos para a transforma\u00e7\u00e3o.<\/p>\n<h2>Construindo um futuro de sa\u00fade mental plena<\/h2>\n<p>Na Virtude, sonhamos com um futuro onde a sa\u00fade mental seja celebrada e valorizada. Queremos que todos tenham a oportunidade de viver vidas plenas e significativas, independentemente de seus desafios e lutas pessoais.<\/p>\n<p>Estamos comprometidos em trabalhar juntos, como uma comunidade, para construir esse futuro. Acreditamos na import\u00e2ncia de quebrar o sil\u00eancio, compartilhar hist\u00f3rias e apoiar uns aos outros. Juntos, podemos superar qualquer obst\u00e1culo e criar um mundo onde a sa\u00fade mental seja prioridade.<\/p>\n","protected":false},"excerpt":{"rendered":"<p>Descobrindo a luz nas horas escuras Aqui na Virtude, acreditamos que a sa\u00fade mental \u00e9 algo a ser celebrado, e n\u00e3o estigmatizado. Sabemos que cada pessoa \u00e9 \u00fanica e merece um cuidado individualizado, por isso nos dedicamos a oferecer um tratamento abrangente e hol\u00edstico. Queremos equipar cada pessoa com as ferramentas necess\u00e1rias para assumir o [&hellip;]<\/p>\n","protected":false},"author":1,"featured_media":0,"comment_status":"open","ping_status":"open","sticky":false,"template":"","format":"standard","meta":{"_eb_attr":"","_monsterinsights_skip_tracking":false,"_monsterinsights_sitenote_active":false,"_monsterinsights_sitenote_note":"","_monsterinsights_sitenote_category":0,"footnotes":""},"categories":[1],"tags":[],"aioseo_notices":[],"_links":{"self":[{"href":"https:\/\/virtudepravoce.com\/index.php\/wp-json\/wp\/v2\/posts\/11"}],"collection":[{"href":"https:\/\/virtudepravoce.com\/index.php\/wp-json\/wp\/v2\/posts"}],"about":[{"href":"https:\/\/virtudepravoce.com\/index.php\/wp-json\/wp\/v2\/types\/post"}],"author":[{"embeddable":true,"href":"https:\/\/virtudepravoce.com\/index.php\/wp-json\/wp\/v2\/users\/1"}],"replies":[{"embeddable":true,"href":"https:\/\/virtudepravoce.com\/index.php\/wp-json\/wp\/v2\/comments?post=11"}],"version-history":[{"count":0,"href":"https:\/\/virtudepravoce.com\/index.php\/wp-json\/wp\/v2\/posts\/11\/revisions"}],"wp:attachment":[{"href":"https:\/\/virtudepravoce.com\/index.php\/wp-json\/wp\/v2\/media?parent=11"}],"wp:term":[{"taxonomy":"category","embeddable":true,"href":"https:\/\/virtudepravoce.com\/index.php\/wp-json\/wp\/v2\/categories?post=11"},{"taxonomy":"post_tag","embeddable":true,"href":"https:\/\/virtudepravoce.com\/index.php\/wp-json\/wp\/v2\/tags?post=11"}],"curies":[{"name":"wp","href":"https:\/\/api.w.org\/{rel}","templated":true}]}}